{"id":764,"date":"2022-08-05T08:33:34","date_gmt":"2022-08-05T06:33:34","guid":{"rendered":"https:\/\/www.fid-bbi.de\/blog\/?p=764"},"modified":"2023-11-30T08:03:10","modified_gmt":"2023-11-30T07:03:10","slug":"tagung-sammlungen-digital-denken","status":"publish","type":"post","link":"https:\/\/www.fid-bbi.de\/blog\/index.php\/2022\/08\/05\/tagung-sammlungen-digital-denken\/","title":{"rendered":"Tagung: Sammlungen digital denken"},"content":{"rendered":"\n<div class=\"wp-block-columns alignwide\">\n<div class=\"wp-block-column\" style=\"flex-basis:100%\">\n<div class=\"wp-block-group alignwide\"><div class=\"wp-block-group__inner-container\">\n<figure class=\"wp-block-image alignwide size-large\"><img loading=\"lazy\" width=\"1024\" height=\"410\" src=\"https:\/\/www.fid-bbi.de\/blog\/wp-content\/uploads\/FireShot-Capture-027-Sitterwerk-Katalog-sitterwerk-katalog.ch_-3-1024x410.png\" alt=\"\" class=\"wp-image-786\" srcset=\"https:\/\/www.fid-bbi.de\/blog\/wp-content\/uploads\/FireShot-Capture-027-Sitterwerk-Katalog-sitterwerk-katalog.ch_-3-1024x410.png 1024w, https:\/\/www.fid-bbi.de\/blog\/wp-content\/uploads\/FireShot-Capture-027-Sitterwerk-Katalog-sitterwerk-katalog.ch_-3-300x120.png 300w, https:\/\/www.fid-bbi.de\/blog\/wp-content\/uploads\/FireShot-Capture-027-Sitterwerk-Katalog-sitterwerk-katalog.ch_-3-768x307.png 768w, https:\/\/www.fid-bbi.de\/blog\/wp-content\/uploads\/FireShot-Capture-027-Sitterwerk-Katalog-sitterwerk-katalog.ch_-3.png 1402w\" sizes=\"(max-width: 1024px) 100vw, 1024px\" \/><figcaption>Nutzergenerierte digitale Sammlung zum Thema &#8222;B\u00fccherm\u00f6bel&#8220; in der Werkbank der Kunstbibliothek Sitterberg (Screenshot). Erstellt am 4.3.2019 von Angela Kuratli und Christian H\u00f6rler. URL: https:\/\/sitterwerk-katalog.ch\/tables\/2019\/5c7cf71c92a53f7f647a1a30 [05.08.2022].<\/figcaption><\/figure>\n\n\n\n<p><\/p>\n<\/div><\/div>\n<\/div>\n<\/div>\n\n\n\n<p><strong>Tagung des FID Buch-, Bibliotheks- und Informationswissenschaft und des Wolfenb\u00fctteler Arbeitskreises f\u00fcr Bibliotheks-, Buch- und Mediengeschichte am 26. bis 28. September 2022.<\/strong><\/p>\n\n\n\n<p>Ort der Pr\u00e4senzveranstaltung: Mei\u00dfnerhaus, Seminarraum, 1. OG<br>Anmeldung f\u00fcr die digitale Teilnahme via Mail an <a href=\"mailto:forschung@hab.de\">forschung@hab.de<\/a><\/p>\n\n\n\n<p>Auf den ersten Blick scheinen Sammelnde \u2013 sei es beim Sammeln von B\u00fcchern, Kunstwerken, Akten, Naturalien oder Artefakten \u2013 nicht prim\u00e4r zur Avantgarde ihrer Zeit zu geh\u00f6ren. Der Begriff des Sammelns verbindet sich f\u00fcr viele mit vagen Vorstellungen des Antiquarischen, historisch Orientierten oder gar R\u00fcckw\u00e4rtsgewandten. Die f\u00fcr September 2022 geplante Tagung des Wolfenb\u00fctteler Arbeitskreises f\u00fcr Buch-, Bibliotheks- und Mediengeschichte und des Fachinformationsdiensts Buch-, Bibliotheks- und Informationswissenschaft&nbsp;m\u00f6chte dagegen die jeweils zukunftsorientierten, insbesondere digitalen Aspekte des Sammelns in den Blick nehmen. Sowohl Beitr\u00e4ge, die einen diachronen \u00dcberblick anstreben und dabei progressive Tendenzen ber\u00fccksichtigen, als auch Einzelbeispiele, die avantgardistische Dimensionen des Sammelns fokussieren, sollen dazu beitragen, eine Diskussion \u00fcber die Frage zu f\u00fchren, wie wir heute in verschiedenen Institutionen <em>Sammlungen digital denken<\/em>.<\/p>\n\n\n\n<p>Dabei werden Fragestellungen wie die Folgenden thematisiert : Mit welchen Einschr\u00e4nkungen, mit welchen Chancen, mit welchen Auswirkungen gerade des Digitalen auf die Nutzung der \u00fcberlieferten Kollektionen, waren und sind diese zukunftsorientierten Ans\u00e4tze verbunden?&nbsp;Welche Konzepte haben sich bew\u00e4hrt? Welche Irrwege wurden beschritten? Welche Diskussionen werden dazu aktuell gef\u00fchrt oder w\u00e4ren noch zu f\u00fchren? Neben bibliothekarischen Sammlungen sollen dabei auch Beispiele anderer Sparten wie etwa Museen, Archive oder auch genuin digitale Sammlungen ber\u00fccksichtigt werden.<\/p>\n\n\n\n<p>Die Tagung findet in Wolfenb\u00fcttel statt und wird live gestreamt. Interessierte Zuh\u00f6rer*innen k\u00f6nnen den Vortr\u00e4gen \u00fcber den Livestream folgen und sich via Chat oder Webcam an der Diskussion beteiligen. Der Link zur Videokonferenz wird den angemeldeten Teilnehmer*innen kurz vor der Veranstaltung per Mail zugesandt.<\/p>\n\n\n\n<h2>Tagungsprogramm<\/h2>\n\n\n\n<h3>Montag, 26. September 2022<\/h3>\n\n\n\n<h4>Sammlungskulturen im physischen und digitalen Raum<\/h4>\n\n\n\n<ul><li>13:30-13:45: Get together<\/li><li>13:45-14:15: Begr\u00fc\u00dfung<\/li><li>14:15-14:45 Stefan Schmunk (Darmstadt): Episteme des Sammelns \u2013 Sammlungen zwischen Materialit\u00e4t und Digitalit\u00e4t?<\/li><li>14:45-15:15 Karsten Heck (G\u00f6ttingen): Denkbar freie Versammlungen: Universit\u00e4ts-sammlungen und die Nutzbarkeit des Digitalen<\/li><\/ul>\n\n\n\n<p>15:15-15:45: Pause<\/p>\n\n\n\n<ul><li>15:45-16:15: Michael Knoche (Weimar): Fr\u00fchneuzeitliche Wunderkammern und heutige bibliothekarische Sammlungskultur<\/li><li>16:15-16:45: Andr\u00e9 Sch\u00fcller-Zwierlein (Regensburg): Unikales als Herausforderung f\u00fcr die Digitalisierung<\/li><li>16:45-17:15: Thomas Mandl (Hildesheim): Digitale Sammlungen als Grundlage f\u00fcr Big Data: Der Umgang mit Bias in Bilddaten<\/li><li>18:00: Empfang in der HAB<\/li><\/ul>\n\n\n\n<h3>Dienstag, 27.09.2022<\/h3>\n\n\n\n<h4>Sammlungen in Archiven, Museen und bibliothekarischen Einrichtungen: Projekte, Konzepte, Innovationen<\/h4>\n\n\n\n<ul><li>09:00-09:30: Maria Effinger (Heidelberg): Die Bibliothek von Alexandria? Sammlungen digitalisieren, erschlie\u00dfen und vernetzen an der Universit\u00e4tsbibliothek Heidelberg<\/li><li>09:30-10:00: Anna Lingnau (Wolfenb\u00fcttel): Teilautomatisiert sammeln. Die Herausforderungen der digitalen Bibliographie<\/li><\/ul>\n\n\n\n<p>10:00-10:30: Pause<\/p>\n\n\n\n<ul><li>10:30-11:00: Barbara Biedermann (Sitterwerk): \u2018Recherchieren am offenen System\u2019. Das Prinzip der dynamischen Ordnung und die Nutzbarmachung der \u2018guten Nachbarschaft\u2019 in den Sammlungen der Stiftung Sitterwerk<\/li><li>11:00-11:30: Wiebke Schreier (Augsburg): Storytelling im Fugger und Welser Erlebnismuseum in Augsburg \u2013 Chancenreiches Spannungsfeld digitaler Vermittlung in Museen<\/li><\/ul>\n\n\n\n<p>12:00-14:00: Mittagspause<\/p>\n\n\n\n<ul><li>14:00-14:30: Constanze Hampp (Karlsruhe): Das Online-Wissensportal Wunderkammer des Staatlichen Museums f\u00fcr Naturkunde in Karlsruhe<\/li><li>14:30-15:00: Andrea Weniger (Hamburg): Digitale Sammlungen in der Hamburger Kunsthalle<\/li><\/ul>\n\n\n\n<p>15:00-15:30 Pause<\/p>\n\n\n\n<ul><li>17:00: Gesch\u00e4ftsausschusssitzung des Wolfenb\u00fctteler Arbeitskreises f\u00fcr Bibliotheks-, Buch- und Mediengeschichte (intern)<\/li><li>20:00: Gemeinsames Abendessen (Selbstzahler), Schlossplatz 5-6, 38304 Wolfenb\u00fcttel<\/li><\/ul>\n\n\n\n<h3>Mittwoch, 28. September 2022<\/h3>\n\n\n\n<h4>Zukunftsorientierung und Digitalit\u00e4t in institutions\u00fcbergreifenden (bibliothekarischen) Strukturen<\/h4>\n\n\n\n<ul><li>09:00-09:30: Alice Keller (Basel): Digital und alles gut? Wissensspeicher im Dilemma zwischen einfacher Zug\u00e4nglichkeit und sicherer Aufbewahrung<\/li><li>09:30-10:00: Maria Hermes-Wladarsch (Bremen): Die digitale Transformation der Papyrussammlung der SuUB Bremen. Herausforderungen und Perspektiven<\/li><\/ul>\n\n\n\n<p>10:00-10:30: Pause<\/p>\n\n\n\n<ul><li>10:30-11:00: Christian Heitzmann (Wolfenb\u00fcttel), Torsten Scha\u00dfan (Wolfenb\u00fcttel): Handschriftensammlungen in digitalen Kontexten am Beispiel der Herzog August Bibliothek<\/li><li>11:00-11:30: Ulrike Hintze (Bonn): F\u00f6rderm\u00f6glichkeiten der DFG beim Aufbau digitaler Sammlungen<\/li><li>11:30-12:30: Abschlussdiskussion<\/li><\/ul>\n\n\n\n<h3>Kontakt<\/h3>\n\n\n\n<p>Sven Kuttner (Sven.Kuttner@ub.uni-muenchen.de), Anna Lingnau (lingnau@hab.de), Johannes Mangei (mangei@hab.de)<\/p>\n","protected":false},"excerpt":{"rendered":"<p>Tagung des FID Buch-, Bibliotheks- und Informationswissenschaft und des Wolfenb\u00fctteler Arbeitskreises f\u00fcr Bibliotheks-, Buch- und Mediengeschichte am 26. bis 28. September 2022. Ort der Pr\u00e4senzveranstaltung: Mei\u00dfnerhaus, Seminarraum, 1. OGAnmeldung f\u00fcr die digitale Teilnahme via Mail an forschung@hab.de Auf den ersten Blick scheinen Sammelnde \u2013 sei es beim Sammeln von B\u00fcchern, Kunstwerken, Akten, Naturalien oder Artefakten&hellip; <a class=\"more-link\" href=\"https:\/\/www.fid-bbi.de\/blog\/index.php\/2022\/08\/05\/tagung-sammlungen-digital-denken\/\">Continue reading <span class=\"screen-reader-text\">Tagung: Sammlungen digital denken<\/span><\/a><\/p>\n","protected":false},"author":3,"featured_media":0,"comment_status":"closed","ping_status":"open","sticky":false,"template":"","format":"standard","meta":[],"categories":[1],"tags":[],"_links":{"self":[{"href":"https:\/\/www.fid-bbi.de\/blog\/index.php\/wp-json\/wp\/v2\/posts\/764"}],"collection":[{"href":"https:\/\/www.fid-bbi.de\/blog\/index.php\/wp-json\/wp\/v2\/posts"}],"about":[{"href":"https:\/\/www.fid-bbi.de\/blog\/index.php\/wp-json\/wp\/v2\/types\/post"}],"author":[{"embeddable":true,"href":"https:\/\/www.fid-bbi.de\/blog\/index.php\/wp-json\/wp\/v2\/users\/3"}],"replies":[{"embeddable":true,"href":"https:\/\/www.fid-bbi.de\/blog\/index.php\/wp-json\/wp\/v2\/comments?post=764"}],"version-history":[{"count":19,"href":"https:\/\/www.fid-bbi.de\/blog\/index.php\/wp-json\/wp\/v2\/posts\/764\/revisions"}],"predecessor-version":[{"id":824,"href":"https:\/\/www.fid-bbi.de\/blog\/index.php\/wp-json\/wp\/v2\/posts\/764\/revisions\/824"}],"wp:attachment":[{"href":"https:\/\/www.fid-bbi.de\/blog\/index.php\/wp-json\/wp\/v2\/media?parent=764"}],"wp:term":[{"taxonomy":"category","embeddable":true,"href":"https:\/\/www.fid-bbi.de\/blog\/index.php\/wp-json\/wp\/v2\/categories?post=764"},{"taxonomy":"post_tag","embeddable":true,"href":"https:\/\/www.fid-bbi.de\/blog\/index.php\/wp-json\/wp\/v2\/tags?post=764"}],"curies":[{"name":"wp","href":"https:\/\/api.w.org\/{rel}","templated":true}]}}